{"id":10545,"date":"2025-06-04T14:52:55","date_gmt":"2025-06-04T12:52:55","guid":{"rendered":"https:\/\/www.elmolino.at\/?p=10545"},"modified":"2025-07-02T12:42:38","modified_gmt":"2025-07-02T10:42:38","slug":"sulla-giovane-thaya","status":"publish","type":"post","link":"https:\/\/www.elmolino.at\/it\/sulla-giovane-thaya\/","title":{"rendered":"Sulla giovane Thaya"},"content":{"rendered":"\t\t<div data-elementor-type=\"wp-post\" data-elementor-id=\"10545\" class=\"elementor elementor-10545\" data-elementor-post-type=\"post\">\n\t\t\t\t\t\t<section class=\"elementor-section elementor-top-section elementor-element elementor-element-2ebe9147 elementor-section-boxed elementor-section-height-default elementor-section-height-default\" data-id=\"2ebe9147\" data-element_type=\"section\" data-e-type=\"section\">\n\t\t\t\t\t\t<div class=\"elementor-container elementor-column-gap-default\">\n\t\t\t\t\t<div class=\"elementor-column elementor-col-100 elementor-top-column elementor-element elementor-element-3dbb1dee\" data-id=\"3dbb1dee\" data-element_type=\"column\" data-e-type=\"column\">\n\t\t\t<div class=\"elementor-widget-wrap elementor-element-populated\">\n\t\t\t\t\t\t<div class=\"elementor-element elementor-element-72ffdb63 elementor-widget elementor-widget-text-editor\" data-id=\"72ffdb63\" data-element_type=\"widget\" data-e-type=\"widget\" data-widget_type=\"text-editor.default\">\n\t\t\t\t<div class=\"elementor-widget-container\">\n\t\t\t\t\t\t\t\t\t<h2><strong>An der Thaya \u2013 Lebensader im Waldviertel<\/strong><\/h2><p>Dort, wo die Thaya gem\u00e4chlich durch H\u00fcgel und W\u00e4lder flie\u00dft, entfaltet sich eine Region voller stiller Sch\u00f6nheit, tiefer Geschichte und junger Lebendigkeit. Hier, wo die Deutsche Thaya (kurz: DIAT) ihren ruhigen Lauf nimmt, treffen Naturidylle und kreative Kraft aufeinander. Die \u201eDeutsche Thaya\u201c ist der Quellfluss der Thaya im Waldviertel und wird auch so genannt, weil sie die l\u00e4ngere und wasserf\u00fchrendere der beiden Thaya-Quellfl\u00fcsse ist. Sie entspringt in der N\u00e4he von Schweiggers und durchflie\u00dft Vitis, Schwarzenau, Waidhofen an der Thaya, Thaya, Dobersberg und Karlstein an der Thaya. Nach 75,8 km vereinigt sie sich in Raabs an der Thaya mit der M\u00e4hrischen Thaya (Thaya auf Tschechisch: Dyje).<\/p><h3><strong>Die Thaya \u2013 Fluss mit Seele<\/strong><\/h3><p>Ob als Grenzfluss oder Lebensader: Die Thaya ist im Waldviertel allgegenw\u00e4rtig. Sie schl\u00e4ngelt sich durch dichte W\u00e4lder, vorbei an kleinen Orten und uralten M\u00fchlen \u2013 wie in Modlisch bei Schwarzenau, wo der Fluss seine Spuren hinterlassen hat. Sie ist hier nicht nur Naturph\u00e4nomen, sondern auch kultureller Begleiter \u2013 leise, tief, poetisch.<\/p><h3><strong>El Molino \u2013 Alte M\u00fchle, neue Ideen<\/strong><\/h3><p>Einer dieser besonderen Orte an der Thaya ist das <strong>El Molino<\/strong> in Modlisch. Die historische M\u00fchle, liebevoll renoviert und mit viel Gesp\u00fcr f\u00fcr Atmosph\u00e4re erhalten, ist heute ein Raum f\u00fcr Seminare, Begegnung und Inspiration. Hier trifft die Kraft des Wassers auf die Kraft des Geistes. Wer das El Molino besucht, sp\u00fcrt sofort: Dieser Ort erz\u00e4hlt Geschichten \u2013 vom Handwerk fr\u00fcherer Zeiten ebenso wie vom Aufbruch ins Heute. Ideal f\u00fcr kreative Auszeiten, Retreats oder kleine kulturelle Veranstaltungen.<\/p><h3><strong>Junge Impulse im Land der Granitfelsen<\/strong><\/h3><p>Immer mehr junge Menschen entdecken die Thaya-Region f\u00fcr sich. Sie bringen neue Ideen mit, aber auch eine gro\u00dfe Wertsch\u00e4tzung f\u00fcr das, was schon da ist. So entsteht ein behutsamer Wandel: In alten H\u00f6fen entstehen Ateliers, in ehemaligen M\u00fchlen neue Denk-R\u00e4ume \u2013 so wie im El Molino. Das Waldviertel wird zur B\u00fchne f\u00fcr stille Innovationen.<\/p><h3><strong>Natur &amp; Ruhe als Luxus<\/strong><\/h3><p>Die Landschaft entlang der Thaya \u2013 vom Nationalpark Thayatal bis zu den kleinen D\u00f6rfern rund um Raabs oder Schwarzenau \u2013 bietet eine Vielfalt, die man oft erst beim zweiten Hinsehen erkennt: Granitklippen, Moorlandschaften, verwunschene Flussufer. Wer hier wandert, paddelt oder einfach sitzt und lauscht, erf\u00e4hrt, was es hei\u00dft, mit der Natur in Resonanz zu gehen.<\/p><h3><strong>Reisetipp<\/strong><\/h3><p>Wer dem Flusslauf der DIAT folgt, sollte unbedingt einen Stopp in <strong>Modlisch<\/strong> einlegen. Ein Besuch im El Molino l\u00e4sst sich wunderbar mit einer Wanderung oder Radtour entlang der Thaya verbinden. Ob f\u00fcr ein Seminar, einen Kreativurlaub oder einfach nur zum Innehalten \u2013 hier wird Gastfreundschaft sp\u00fcrbar.<\/p><p><strong>Karte:<\/strong> <a href=\"https:\/\/www.google.com\/maps\/place\/El+Molino+Modlisch\" target=\"_blank\" rel=\"noopener\">El Molino auf Google Maps<\/a><\/p>\t\t\t\t\t\t\t\t<\/div>\n\t\t\t\t<\/div>\n\t\t\t\t\t<\/div>\n\t\t<\/div>\n\t\t\t\t\t<\/div>\n\t\t<\/section>\n\t\t\t\t<\/div>\n\t\t","protected":false},"excerpt":{"rendered":"<p>Dove il Thaya scorre placidamente tra colline e foreste, si sviluppa una regione ricca di tranquilla bellezza, storia profonda e giovane vitalit\u00e0.<\/p>\n","protected":false},"author":4,"featured_media":10076,"comment_status":"closed","ping_status":"closed","sticky":false,"template":"","format":"standard","meta":{"site-sidebar-layout":"default","site-content-layout":"default","ast-site-content-layout":"default","site-content-style":"default","site-sidebar-style":"default","ast-global-header-display":"","ast-banner-title-visibility":"","ast-main-header-display":"","ast-hfb-above-header-display":"","ast-hfb-below-header-display":"","ast-hfb-mobile-header-display":"","site-post-title":"","ast-breadcrumbs-content":"","ast-featured-img":"","footer-sml-layout":"","theme-transparent-header-meta":"default","adv-header-id-meta":"","stick-header-meta":"default","header-above-stick-meta":"","header-main-stick-meta":"","header-below-stick-meta":"","astra-migrate-meta-layouts":"set","ast-page-background-enabled":"default","ast-page-background-meta":{"desktop":{"background-color":"","background-image":"","background-repeat":"repeat","background-position":"center center","background-size":"auto","background-attachment":"scroll","background-type":"","background-media":"","overlay-type":"","overlay-color":"","overlay-opacity":"","overlay-gradient":""},"tablet":{"background-color":"","background-image":"","background-repeat":"repeat","background-position":"center center","background-size":"auto","background-attachment":"scroll","background-type":"","background-media":"","overlay-type":"","overlay-color":"","overlay-opacity":"","overlay-gradient":""},"mobile":{"background-color":"","background-image":"","background-repeat":"repeat","background-position":"center center","background-size":"auto","background-attachment":"scroll","background-type":"","background-media":"","overlay-type":"","overlay-color":"","overlay-opacity":"","overlay-gradient":""}},"ast-content-background-meta":{"desktop":{"background-color":"var(--ast-global-color-5)","background-image":"","background-repeat":"repeat","background-position":"center center","background-size":"auto","background-attachment":"scroll","background-type":"","background-media":"","overlay-type":"","overlay-color":"","overlay-opacity":"","overlay-gradient":""},"tablet":{"background-color":"var(--ast-global-color-5)","background-image":"","background-repeat":"repeat","background-position":"center center","background-size":"auto","background-attachment":"scroll","background-type":"","background-media":"","overlay-type":"","overlay-color":"","overlay-opacity":"","overlay-gradient":""},"mobile":{"background-color":"var(--ast-global-color-5)","background-image":"","background-repeat":"repeat","background-position":"center center","background-size":"auto","background-attachment":"scroll","background-type":"","background-media":"","overlay-type":"","overlay-color":"","overlay-opacity":"","overlay-gradient":""}},"footnotes":""},"categories":[431],"tags":[436,433,432,434,435],"class_list":["post-10545","post","type-post","status-publish","format-standard","has-post-thumbnail","hentry","category-blog-it","tag-comprendere","tag-conoscenza","tag-consapevolezza","tag-lasciare-andare","tag-punto-di-vista"],"yoast_head":"<!-- This site is optimized with the Yoast SEO plugin v27.4 - https:\/\/yoast.com\/product\/yoast-seo-wordpress\/ -->\n<title>Sulla giovane Thaya - El Molino<\/title>\n<meta name=\"description\" content=\"Dove il Thaya scorre placidamente tra colline e foreste, si sviluppa una regione ricca di tranquilla bellezza.\" \/>\n<meta name=\"robots\" content=\"index, follow, max-snippet:-1, max-image-preview:large, max-video-preview:-1\" \/>\n<link rel=\"canonical\" href=\"https:\/\/www.elmolino.at\/it\/sulla-giovane-thaya\/\" \/>\n<meta property=\"og:locale\" content=\"it_IT\" \/>\n<meta property=\"og:type\" content=\"article\" \/>\n<meta property=\"og:title\" content=\"Sulla giovane Thaya - El Molino\" \/>\n<meta property=\"og:description\" content=\"Dove il Thaya scorre placidamente tra colline e foreste, si sviluppa una regione ricca di tranquilla bellezza.\" \/>\n<meta property=\"og:url\" content=\"https:\/\/www.elmolino.at\/it\/sulla-giovane-thaya\/\" \/>\n<meta property=\"og:site_name\" content=\"El Molino\" \/>\n<meta property=\"article:published_time\" content=\"2025-06-04T12:52:55+00:00\" \/>\n<meta property=\"article:modified_time\" content=\"2025-07-02T10:42:38+00:00\" \/>\n<meta property=\"og:image\" content=\"https:\/\/www.elmolino.at\/wp-content\/uploads\/2025\/04\/Thaya-El-Molino-versteckt-im-Hintergrund.jpg\" \/>\n\t<meta property=\"og:image:width\" content=\"1920\" \/>\n\t<meta property=\"og:image:height\" content=\"1080\" \/>\n\t<meta property=\"og:image:type\" content=\"image\/jpeg\" \/>\n<meta name=\"author\" content=\"Asha\" \/>\n<meta name=\"twitter:card\" content=\"summary_large_image\" \/>\n<meta name=\"twitter:label1\" content=\"Scritto da\" \/>\n\t<meta name=\"twitter:data1\" content=\"Asha\" \/>\n\t<meta name=\"twitter:label2\" content=\"Tempo di lettura stimato\" \/>\n\t<meta name=\"twitter:data2\" content=\"2 minuti\" \/>\n<script type=\"application\/ld+json\" class=\"yoast-schema-graph\">{\"@context\":\"https:\\\/\\\/schema.org\",\"@graph\":[{\"@type\":\"Article\",\"@id\":\"https:\\\/\\\/www.elmolino.at\\\/it\\\/sulla-giovane-thaya\\\/#article\",\"isPartOf\":{\"@id\":\"https:\\\/\\\/www.elmolino.at\\\/it\\\/sulla-giovane-thaya\\\/\"},\"author\":{\"name\":\"Asha\",\"@id\":\"https:\\\/\\\/www.elmolino.at\\\/it\\\/#\\\/schema\\\/person\\\/151e372419e108d03e5558787e52c513\"},\"headline\":\"Sulla giovane Thaya\",\"datePublished\":\"2025-06-04T12:52:55+00:00\",\"dateModified\":\"2025-07-02T10:42:38+00:00\",\"mainEntityOfPage\":{\"@id\":\"https:\\\/\\\/www.elmolino.at\\\/it\\\/sulla-giovane-thaya\\\/\"},\"wordCount\":244,\"publisher\":{\"@id\":\"https:\\\/\\\/www.elmolino.at\\\/it\\\/#organization\"},\"image\":{\"@id\":\"https:\\\/\\\/www.elmolino.at\\\/it\\\/sulla-giovane-thaya\\\/#primaryimage\"},\"thumbnailUrl\":\"https:\\\/\\\/www.elmolino.at\\\/wp-content\\\/uploads\\\/2025\\\/04\\\/Thaya-El-Molino-versteckt-im-Hintergrund.jpg\",\"keywords\":[\"Comprendere\",\"Conoscenza\",\"Consapevolezza\",\"Lasciare andare\",\"Punto di vista\"],\"articleSection\":[\"BLOG\"],\"inLanguage\":\"it-IT\"},{\"@type\":\"WebPage\",\"@id\":\"https:\\\/\\\/www.elmolino.at\\\/it\\\/sulla-giovane-thaya\\\/\",\"url\":\"https:\\\/\\\/www.elmolino.at\\\/it\\\/sulla-giovane-thaya\\\/\",\"name\":\"Sulla giovane Thaya - El Molino\",\"isPartOf\":{\"@id\":\"https:\\\/\\\/www.elmolino.at\\\/it\\\/#website\"},\"primaryImageOfPage\":{\"@id\":\"https:\\\/\\\/www.elmolino.at\\\/it\\\/sulla-giovane-thaya\\\/#primaryimage\"},\"image\":{\"@id\":\"https:\\\/\\\/www.elmolino.at\\\/it\\\/sulla-giovane-thaya\\\/#primaryimage\"},\"thumbnailUrl\":\"https:\\\/\\\/www.elmolino.at\\\/wp-content\\\/uploads\\\/2025\\\/04\\\/Thaya-El-Molino-versteckt-im-Hintergrund.jpg\",\"datePublished\":\"2025-06-04T12:52:55+00:00\",\"dateModified\":\"2025-07-02T10:42:38+00:00\",\"description\":\"Dove il Thaya scorre placidamente tra colline e foreste, si sviluppa una regione ricca di tranquilla bellezza.\",\"breadcrumb\":{\"@id\":\"https:\\\/\\\/www.elmolino.at\\\/it\\\/sulla-giovane-thaya\\\/#breadcrumb\"},\"inLanguage\":\"it-IT\",\"potentialAction\":[{\"@type\":\"ReadAction\",\"target\":[\"https:\\\/\\\/www.elmolino.at\\\/it\\\/sulla-giovane-thaya\\\/\"]}]},{\"@type\":\"ImageObject\",\"inLanguage\":\"it-IT\",\"@id\":\"https:\\\/\\\/www.elmolino.at\\\/it\\\/sulla-giovane-thaya\\\/#primaryimage\",\"url\":\"https:\\\/\\\/www.elmolino.at\\\/wp-content\\\/uploads\\\/2025\\\/04\\\/Thaya-El-Molino-versteckt-im-Hintergrund.jpg\",\"contentUrl\":\"https:\\\/\\\/www.elmolino.at\\\/wp-content\\\/uploads\\\/2025\\\/04\\\/Thaya-El-Molino-versteckt-im-Hintergrund.jpg\",\"width\":1920,\"height\":1080},{\"@type\":\"BreadcrumbList\",\"@id\":\"https:\\\/\\\/www.elmolino.at\\\/it\\\/sulla-giovane-thaya\\\/#breadcrumb\",\"itemListElement\":[{\"@type\":\"ListItem\",\"position\":1,\"name\":\"home\",\"item\":\"https:\\\/\\\/www.elmolino.at\\\/it\\\/home\\\/\"},{\"@type\":\"ListItem\",\"position\":2,\"name\":\"Sulla giovane Thaya\"}]},{\"@type\":\"WebSite\",\"@id\":\"https:\\\/\\\/www.elmolino.at\\\/it\\\/#website\",\"url\":\"https:\\\/\\\/www.elmolino.at\\\/it\\\/\",\"name\":\"El Molino\",\"description\":\"la location per eventi unica. goditi l'austria. \",\"publisher\":{\"@id\":\"https:\\\/\\\/www.elmolino.at\\\/it\\\/#organization\"},\"potentialAction\":[{\"@type\":\"SearchAction\",\"target\":{\"@type\":\"EntryPoint\",\"urlTemplate\":\"https:\\\/\\\/www.elmolino.at\\\/it\\\/?s={search_term_string}\"},\"query-input\":{\"@type\":\"PropertyValueSpecification\",\"valueRequired\":true,\"valueName\":\"search_term_string\"}}],\"inLanguage\":\"it-IT\"},{\"@type\":\"Organization\",\"@id\":\"https:\\\/\\\/www.elmolino.at\\\/it\\\/#organization\",\"name\":\"El Molino\",\"url\":\"https:\\\/\\\/www.elmolino.at\\\/it\\\/\",\"logo\":{\"@type\":\"ImageObject\",\"inLanguage\":\"it-IT\",\"@id\":\"https:\\\/\\\/www.elmolino.at\\\/it\\\/#\\\/schema\\\/logo\\\/image\\\/\",\"url\":\"https:\\\/\\\/www.elmolino.at\\\/wp-content\\\/uploads\\\/2025\\\/05\\\/cropped-El-Molino-Logo-Haus-Schrift1.png\",\"contentUrl\":\"https:\\\/\\\/www.elmolino.at\\\/wp-content\\\/uploads\\\/2025\\\/05\\\/cropped-El-Molino-Logo-Haus-Schrift1.png\",\"width\":400,\"height\":140,\"caption\":\"El Molino\"},\"image\":{\"@id\":\"https:\\\/\\\/www.elmolino.at\\\/it\\\/#\\\/schema\\\/logo\\\/image\\\/\"}},{\"@type\":\"Person\",\"@id\":\"https:\\\/\\\/www.elmolino.at\\\/it\\\/#\\\/schema\\\/person\\\/151e372419e108d03e5558787e52c513\",\"name\":\"Asha\",\"url\":\"https:\\\/\\\/www.elmolino.at\\\/it\\\/author\\\/asha\\\/\"}]}<\/script>\n<!-- \/ Yoast SEO plugin. -->","yoast_head_json":{"title":"Sulla giovane Thaya - El Molino","description":"Dove il Thaya scorre placidamente tra colline e foreste, si sviluppa una regione ricca di tranquilla bellezza.","robots":{"index":"index","follow":"follow","max-snippet":"max-snippet:-1","max-image-preview":"max-image-preview:large","max-video-preview":"max-video-preview:-1"},"canonical":"https:\/\/www.elmolino.at\/it\/sulla-giovane-thaya\/","og_locale":"it_IT","og_type":"article","og_title":"Sulla giovane Thaya - El Molino","og_description":"Dove il Thaya scorre placidamente tra colline e foreste, si sviluppa una regione ricca di tranquilla bellezza.","og_url":"https:\/\/www.elmolino.at\/it\/sulla-giovane-thaya\/","og_site_name":"El Molino","article_published_time":"2025-06-04T12:52:55+00:00","article_modified_time":"2025-07-02T10:42:38+00:00","og_image":[{"width":1920,"height":1080,"url":"https:\/\/www.elmolino.at\/wp-content\/uploads\/2025\/04\/Thaya-El-Molino-versteckt-im-Hintergrund.jpg","type":"image\/jpeg"}],"author":"Asha","twitter_card":"summary_large_image","twitter_misc":{"Scritto da":"Asha","Tempo di lettura stimato":"2 minuti"},"schema":{"@context":"https:\/\/schema.org","@graph":[{"@type":"Article","@id":"https:\/\/www.elmolino.at\/it\/sulla-giovane-thaya\/#article","isPartOf":{"@id":"https:\/\/www.elmolino.at\/it\/sulla-giovane-thaya\/"},"author":{"name":"Asha","@id":"https:\/\/www.elmolino.at\/it\/#\/schema\/person\/151e372419e108d03e5558787e52c513"},"headline":"Sulla giovane Thaya","datePublished":"2025-06-04T12:52:55+00:00","dateModified":"2025-07-02T10:42:38+00:00","mainEntityOfPage":{"@id":"https:\/\/www.elmolino.at\/it\/sulla-giovane-thaya\/"},"wordCount":244,"publisher":{"@id":"https:\/\/www.elmolino.at\/it\/#organization"},"image":{"@id":"https:\/\/www.elmolino.at\/it\/sulla-giovane-thaya\/#primaryimage"},"thumbnailUrl":"https:\/\/www.elmolino.at\/wp-content\/uploads\/2025\/04\/Thaya-El-Molino-versteckt-im-Hintergrund.jpg","keywords":["Comprendere","Conoscenza","Consapevolezza","Lasciare andare","Punto di vista"],"articleSection":["BLOG"],"inLanguage":"it-IT"},{"@type":"WebPage","@id":"https:\/\/www.elmolino.at\/it\/sulla-giovane-thaya\/","url":"https:\/\/www.elmolino.at\/it\/sulla-giovane-thaya\/","name":"Sulla giovane Thaya - El Molino","isPartOf":{"@id":"https:\/\/www.elmolino.at\/it\/#website"},"primaryImageOfPage":{"@id":"https:\/\/www.elmolino.at\/it\/sulla-giovane-thaya\/#primaryimage"},"image":{"@id":"https:\/\/www.elmolino.at\/it\/sulla-giovane-thaya\/#primaryimage"},"thumbnailUrl":"https:\/\/www.elmolino.at\/wp-content\/uploads\/2025\/04\/Thaya-El-Molino-versteckt-im-Hintergrund.jpg","datePublished":"2025-06-04T12:52:55+00:00","dateModified":"2025-07-02T10:42:38+00:00","description":"Dove il Thaya scorre placidamente tra colline e foreste, si sviluppa una regione ricca di tranquilla bellezza.","breadcrumb":{"@id":"https:\/\/www.elmolino.at\/it\/sulla-giovane-thaya\/#breadcrumb"},"inLanguage":"it-IT","potentialAction":[{"@type":"ReadAction","target":["https:\/\/www.elmolino.at\/it\/sulla-giovane-thaya\/"]}]},{"@type":"ImageObject","inLanguage":"it-IT","@id":"https:\/\/www.elmolino.at\/it\/sulla-giovane-thaya\/#primaryimage","url":"https:\/\/www.elmolino.at\/wp-content\/uploads\/2025\/04\/Thaya-El-Molino-versteckt-im-Hintergrund.jpg","contentUrl":"https:\/\/www.elmolino.at\/wp-content\/uploads\/2025\/04\/Thaya-El-Molino-versteckt-im-Hintergrund.jpg","width":1920,"height":1080},{"@type":"BreadcrumbList","@id":"https:\/\/www.elmolino.at\/it\/sulla-giovane-thaya\/#breadcrumb","itemListElement":[{"@type":"ListItem","position":1,"name":"home","item":"https:\/\/www.elmolino.at\/it\/home\/"},{"@type":"ListItem","position":2,"name":"Sulla giovane Thaya"}]},{"@type":"WebSite","@id":"https:\/\/www.elmolino.at\/it\/#website","url":"https:\/\/www.elmolino.at\/it\/","name":"El Molino","description":"la location per eventi unica. goditi l'austria. ","publisher":{"@id":"https:\/\/www.elmolino.at\/it\/#organization"},"potentialAction":[{"@type":"SearchAction","target":{"@type":"EntryPoint","urlTemplate":"https:\/\/www.elmolino.at\/it\/?s={search_term_string}"},"query-input":{"@type":"PropertyValueSpecification","valueRequired":true,"valueName":"search_term_string"}}],"inLanguage":"it-IT"},{"@type":"Organization","@id":"https:\/\/www.elmolino.at\/it\/#organization","name":"El Molino","url":"https:\/\/www.elmolino.at\/it\/","logo":{"@type":"ImageObject","inLanguage":"it-IT","@id":"https:\/\/www.elmolino.at\/it\/#\/schema\/logo\/image\/","url":"https:\/\/www.elmolino.at\/wp-content\/uploads\/2025\/05\/cropped-El-Molino-Logo-Haus-Schrift1.png","contentUrl":"https:\/\/www.elmolino.at\/wp-content\/uploads\/2025\/05\/cropped-El-Molino-Logo-Haus-Schrift1.png","width":400,"height":140,"caption":"El Molino"},"image":{"@id":"https:\/\/www.elmolino.at\/it\/#\/schema\/logo\/image\/"}},{"@type":"Person","@id":"https:\/\/www.elmolino.at\/it\/#\/schema\/person\/151e372419e108d03e5558787e52c513","name":"Asha","url":"https:\/\/www.elmolino.at\/it\/author\/asha\/"}]}},"_links":{"self":[{"href":"https:\/\/www.elmolino.at\/it\/wp-json\/wp\/v2\/posts\/10545","targetHints":{"allow":["GET"]}}],"collection":[{"href":"https:\/\/www.elmolino.at\/it\/wp-json\/wp\/v2\/posts"}],"about":[{"href":"https:\/\/www.elmolino.at\/it\/wp-json\/wp\/v2\/types\/post"}],"author":[{"embeddable":true,"href":"https:\/\/www.elmolino.at\/it\/wp-json\/wp\/v2\/users\/4"}],"replies":[{"embeddable":true,"href":"https:\/\/www.elmolino.at\/it\/wp-json\/wp\/v2\/comments?post=10545"}],"version-history":[{"count":3,"href":"https:\/\/www.elmolino.at\/it\/wp-json\/wp\/v2\/posts\/10545\/revisions"}],"predecessor-version":[{"id":11037,"href":"https:\/\/www.elmolino.at\/it\/wp-json\/wp\/v2\/posts\/10545\/revisions\/11037"}],"wp:featuredmedia":[{"embeddable":true,"href":"https:\/\/www.elmolino.at\/it\/wp-json\/wp\/v2\/media\/10076"}],"wp:attachment":[{"href":"https:\/\/www.elmolino.at\/it\/wp-json\/wp\/v2\/media?parent=10545"}],"wp:term":[{"taxonomy":"category","embeddable":true,"href":"https:\/\/www.elmolino.at\/it\/wp-json\/wp\/v2\/categories?post=10545"},{"taxonomy":"post_tag","embeddable":true,"href":"https:\/\/www.elmolino.at\/it\/wp-json\/wp\/v2\/tags?post=10545"}],"curies":[{"name":"wp","href":"https:\/\/api.w.org\/{rel}","templated":true}]}}